{"id":15360,"date":"2019-04-26T20:21:15","date_gmt":"2019-04-26T20:21:15","guid":{"rendered":"https:\/\/breastcancer.ca\/conseils-de-collecte-de-fonds-pour-la-marche-de-la-fete-des-meres\/"},"modified":"2019-04-26T20:21:15","modified_gmt":"2019-04-26T20:21:15","slug":"conseils-de-collecte-de-fonds-pour-la-marche-de-la-fete-des-meres","status":"publish","type":"post","link":"https:\/\/breastcancer.ca\/fr\/conseils-de-collecte-de-fonds-pour-la-marche-de-la-fete-des-meres\/","title":{"rendered":"Conseils de collecte de fonds pour la marche de la f\u00eate des M\u00e8res"},"content":{"rendered":"<p>La marche annuelle de la f\u00eate des M\u00e8res est un \u00e9v\u00e9nement passionnant qui contribue \u00e0 rendre la Soci\u00e9t\u00e9 canadienne du cancer du sein si sp\u00e9ciale et percutante. Depuis la toute premi\u00e8re marche de la f\u00eate des M\u00e8res en 1991, des centaines de personnes se sont r\u00e9unies pour t\u00e9moigner de leur soutien et recueillir des fonds afin de mettre un terme \u00e0 cette maladie un jour. Vous voulez savoir comment vous pouvez aider&nbsp;? Pensez \u00e0 faire un don et \u00e0 recueillir des fonds pour votre marche de la f\u00eate des M\u00e8res ou \u00e0 soutenir vos amis et coll\u00e8gues qui marchent&nbsp;!   <\/p>\n<p>Les stagiaires du GTRCS ont fait preuve de beaucoup de cr\u00e9ativit\u00e9 et ont v\u00e9cu une exp\u00e9rience agr\u00e9able en mettant au point des fa\u00e7ons novatrices d\u2019amasser des fonds au fil des ans. L\u2019ann\u00e9e derni\u00e8re, nous avons organis\u00e9 une vente de p\u00e2tisseries annuelle du GTRCS \u00e0 l\u2019Institut de recherche Robarts afin de recueillir des fonds pour soutenir la Soci\u00e9t\u00e9 canadienne du cancer du sein en octobre pour l\u2019\u00e9v\u00e9nement Habillez-vous pour la cause&nbsp;! Katie, Olivia, Veronica et moi \u00e9tions ravies d\u2019organiser cet \u00e9v\u00e9nement avec d\u2019autres stagiaires du GTRCS afin de recueillir des fonds et d\u2019encourager nos coll\u00e8gues \u00e0 participer en portant du rose et en mangeant de d\u00e9licieuses g\u00e2teries.  <\/p>\n<p><img fetchpriority=\"high\" decoding=\"async\" class=\"aligncenter wp-image-3748\" src=\"https:\/\/breastcancer.ca\/wp-content\/uploads\/2025\/05\/3-1.jpg\" alt=\"Conseils de collecte de fonds pour la marche de la f\u00eate des M\u00e8res du GTRCS\" width=\"781\" height=\"391\"><\/p>\n<p>Une partie du travail qui s\u2019est d\u00e9roul\u00e9 en coulisses a consist\u00e9 \u00e0 cr\u00e9er du mat\u00e9riel promotionnel (c\u2019\u00e9tait mon r\u00f4le principal), \u00e0 recruter des b\u00e9n\u00e9voles pour apporter des produits de boulangerie, \u00e0 concevoir une cabine photo et \u00e0 inscrire notre \u00e9quipe pour verser des fonds une fois la vente de p\u00e2tisseries termin\u00e9e. Nous \u00e9tions tr\u00e8s satisfaits du r\u00e9sultat de nos efforts et nous avons pu amasser plus de 500&nbsp;$ gr\u00e2ce \u00e0 cet \u00e9v\u00e9nement seulement&nbsp;! C\u2019\u00e9tait une excellente fa\u00e7on non seulement d\u2019amasser des fonds pour une cause qui \u00e9tait importante pour nous tous et nos projets actuels, mais aussi de nous donner l\u2019occasion d\u2019interagir avec l\u2019ensemble de la communaut\u00e9 de l\u2019Institut de recherche Robarts et de partager davantage d\u2019informations sur notre travail dans le domaine de la recherche sur le cancer du sein.  <\/p>\n<p>Alors, quelles sont les fa\u00e7ons dont vous pouvez amasser des fonds pour la prochaine marche&nbsp;? Que vous participiez ou non \u00e0 la marche de la f\u00eate des M\u00e8res, il existe de nombreuses fa\u00e7ons de t\u00e9moigner de votre soutien&nbsp;! Si vous cherchez des fa\u00e7ons d\u2019amasser des fonds, vous pouvez consulter une liste d\u2019id\u00e9es juste <a href=\"https:\/\/breastcancerprogress.ca\/wp-content\/uploads\/2019\/02\/Copy-of-6-FUN-WAYS-TO-RAISE-MONEY-FOR-THE-shortver.pdf\">ici<\/a>.  <\/p>\n<p>Bien que cette liste contienne quelques fa\u00e7ons de participer, n\u2019h\u00e9sitez pas \u00e0 faire preuve de cr\u00e9ativit\u00e9 et \u00e0 trouver des id\u00e9es qui fonctionnent bien pour vous&nbsp;! Si l\u2019organisation d\u2019une vente de p\u00e2tisseries ou la tenue d\u2019un \u00e9v\u00e9nement vous semblent \u00eatre une t\u00e2che trop importante, la Soci\u00e9t\u00e9 canadienne du cancer du sein a pens\u00e9 \u00e0 des fa\u00e7ons simples et faciles pour vous d\u2019<a href=\"https:\/\/breastcancerprogress.ca\/wp-content\/uploads\/2019\/02\/Copy-of-500-in-10-Days.pdf\">amasser 500&nbsp;$ ou plus en seulement 10&nbsp;jours<\/a>. <\/p>\n<p>Enfin, si vous souhaitez organiser une initiative de collecte de fonds avec votre travail comme nous l\u2019avons fait, il existe \u00e9galement des <a href=\"https:\/\/bcsc.akaraisin.com\/ui\/mothersdaywalk2019\/corporate-sponsorship\">possibilit\u00e9s de commandite d\u2019entreprise<\/a>.<\/p>\n<p>La collecte de fonds peut \u00eatre une fa\u00e7on amusante et excitante d\u2019organiser des \u00e9v\u00e9nements et de recueillir du soutien pour votre marche de la f\u00eate des M\u00e8res ou celle de votre ami(e). Les id\u00e9es de collecte de fonds sont infinies, et nous esp\u00e9rons que vous vous joindrez \u00e0 nous pour pr\u00e9parer la marche de cette ann\u00e9e&nbsp;! <\/p>\n<p><strong>Pour soutenir des chercheurs comme ceux-ci, visitez le site <a href=\"http:\/\/mothersdaywalk.ca\">marchedelafetedesmeres.ca<\/a> et envisagez de vous inscrire pour marcher ou de faire un don.<\/strong><\/p>\n<p><strong>Biographie de l\u2019auteure&nbsp;:<\/strong><br \/>\n<strong>Natasha Knier est candidate \u00e0 la ma\u00eetrise en biophysique m\u00e9dicale \u00e0 l\u2019Universit\u00e9 Western et est actuellement soutenue par une bourse d\u2019\u00e9tudes du GTRCS pour 2018-2019.<\/strong><\/p>\n","protected":false},"excerpt":{"rendered":"<p>La marche annuelle de la f\u00eate des M\u00e8res est un \u00e9v\u00e9nement passionnant qui contribue \u00e0 rendre la Soci\u00e9t\u00e9 canadienne du cancer du sein si sp\u00e9ciale et percutante. Depuis la toute premi\u00e8re marche de la f\u00eate des M\u00e8res en 1991, des centaines de personnes se sont r\u00e9unies pour t\u00e9moigner de leur soutien et recueillir des fonds [&hellip;]<\/p>\n","protected":false},"author":1,"featured_media":15361,"comment_status":"open","ping_status":"open","sticky":false,"template":"","format":"standard","meta":{"_acf_changed":false,"footnotes":""},"categories":[524],"tags":[530,531,534,533,529],"class_list":["post-15360","post","type-post","status-publish","format-standard","has-post-thumbnail","hentry","category-notre-impact","tag-a-la-une","tag-chercheurs-sur-le-cancer-du-sein","tag-equipe-de-la-marche-de-la-fete-des-meres-du-gtrcs","tag-marche-de-la-fete-des-meres","tag-tbcru"],"acf":[],"yoast_head":"<!-- This site is optimized with the Yoast SEO plugin v26.5 - https:\/\/yoast.com\/wordpress\/plugins\/seo\/ -->\n<title>Conseils de collecte de fonds pour la marche de la f\u00eate des M\u00e8res - Breast Cancer Canada<\/title>\n<meta name=\"robots\" content=\"index, follow, max-snippet:-1, max-image-preview:large, max-video-preview:-1\" \/>\n<link rel=\"canonical\" href=\"https:\/\/breastcancer.ca\/fr\/conseils-de-collecte-de-fonds-pour-la-marche-de-la-fete-des-meres\/\" \/>\n<meta property=\"og:locale\" content=\"fr_FR\" \/>\n<meta property=\"og:type\" content=\"article\" \/>\n<meta property=\"og:title\" content=\"Conseils de collecte de fonds pour la marche de la f\u00eate des M\u00e8res - Breast Cancer Canada\" \/>\n<meta property=\"og:description\" content=\"La marche annuelle de la f\u00eate des M\u00e8res est un \u00e9v\u00e9nement passionnant qui contribue \u00e0 rendre la Soci\u00e9t\u00e9 canadienne du cancer du sein si sp\u00e9ciale et percutante. Depuis la toute premi\u00e8re marche de la f\u00eate des M\u00e8res en 1991, des centaines de personnes se sont r\u00e9unies pour t\u00e9moigner de leur soutien et recueillir des fonds [&hellip;]\" \/>\n<meta property=\"og:url\" content=\"https:\/\/breastcancer.ca\/fr\/conseils-de-collecte-de-fonds-pour-la-marche-de-la-fete-des-meres\/\" \/>\n<meta property=\"og:site_name\" content=\"Breast Cancer Canada\" \/>\n<meta property=\"article:published_time\" content=\"2019-04-26T20:21:15+00:00\" \/>\n<meta property=\"og:image\" content=\"https:\/\/breastcancer.ca\/wp-content\/uploads\/2025\/05\/TBCRU-Fundraising-Tips.jpg\" \/>\n\t<meta property=\"og:image:width\" content=\"1024\" \/>\n\t<meta property=\"og:image:height\" content=\"512\" \/>\n\t<meta property=\"og:image:type\" content=\"image\/jpeg\" \/>\n<meta name=\"author\" content=\"adminbcc2025\" \/>\n<meta name=\"twitter:card\" content=\"summary_large_image\" \/>\n<meta name=\"twitter:label1\" content=\"\u00c9crit par\" \/>\n\t<meta name=\"twitter:data1\" content=\"adminbcc2025\" \/>\n\t<meta name=\"twitter:label2\" content=\"Dur\u00e9e de lecture estim\u00e9e\" \/>\n\t<meta name=\"twitter:data2\" content=\"3 minutes\" \/>\n<script type=\"application\/ld+json\" class=\"yoast-schema-graph\">{\"@context\":\"https:\/\/schema.org\",\"@graph\":[{\"@type\":\"Article\",\"@id\":\"https:\/\/breastcancer.ca\/fr\/conseils-de-collecte-de-fonds-pour-la-marche-de-la-fete-des-meres\/#article\",\"isPartOf\":{\"@id\":\"https:\/\/breastcancer.ca\/fr\/conseils-de-collecte-de-fonds-pour-la-marche-de-la-fete-des-meres\/\"},\"author\":{\"name\":\"adminbcc2025\",\"@id\":\"https:\/\/breastcancer.ca\/fr\/#\/schema\/person\/e97681d0e3cae3517c6f7f06e9f4c975\"},\"headline\":\"Conseils de collecte de fonds pour la marche de la f\u00eate des M\u00e8res\",\"datePublished\":\"2019-04-26T20:21:15+00:00\",\"mainEntityOfPage\":{\"@id\":\"https:\/\/breastcancer.ca\/fr\/conseils-de-collecte-de-fonds-pour-la-marche-de-la-fete-des-meres\/\"},\"wordCount\":693,\"commentCount\":0,\"publisher\":{\"@id\":\"https:\/\/breastcancer.ca\/fr\/#organization\"},\"image\":{\"@id\":\"https:\/\/breastcancer.ca\/fr\/conseils-de-collecte-de-fonds-pour-la-marche-de-la-fete-des-meres\/#primaryimage\"},\"thumbnailUrl\":\"https:\/\/breastcancer.ca\/wp-content\/uploads\/2025\/05\/TBCRU-Fundraising-Tips.jpg\",\"keywords\":[\"\u00c0 la une\",\"chercheurs sur le cancer du sein\",\"\u00c9quipe de la marche de la f\u00eate des M\u00e8res du GTRCS\",\"marche de la f\u00eate des M\u00e8res\",\"TBCRU\"],\"articleSection\":[\"Notre impact\"],\"inLanguage\":\"fr-FR\",\"potentialAction\":[{\"@type\":\"CommentAction\",\"name\":\"Comment\",\"target\":[\"https:\/\/breastcancer.ca\/fr\/conseils-de-collecte-de-fonds-pour-la-marche-de-la-fete-des-meres\/#respond\"]}]},{\"@type\":\"WebPage\",\"@id\":\"https:\/\/breastcancer.ca\/fr\/conseils-de-collecte-de-fonds-pour-la-marche-de-la-fete-des-meres\/\",\"url\":\"https:\/\/breastcancer.ca\/fr\/conseils-de-collecte-de-fonds-pour-la-marche-de-la-fete-des-meres\/\",\"name\":\"Conseils de collecte de fonds pour la marche de la f\u00eate des M\u00e8res - Breast Cancer Canada\",\"isPartOf\":{\"@id\":\"https:\/\/breastcancer.ca\/fr\/#website\"},\"primaryImageOfPage\":{\"@id\":\"https:\/\/breastcancer.ca\/fr\/conseils-de-collecte-de-fonds-pour-la-marche-de-la-fete-des-meres\/#primaryimage\"},\"image\":{\"@id\":\"https:\/\/breastcancer.ca\/fr\/conseils-de-collecte-de-fonds-pour-la-marche-de-la-fete-des-meres\/#primaryimage\"},\"thumbnailUrl\":\"https:\/\/breastcancer.ca\/wp-content\/uploads\/2025\/05\/TBCRU-Fundraising-Tips.jpg\",\"datePublished\":\"2019-04-26T20:21:15+00:00\",\"breadcrumb\":{\"@id\":\"https:\/\/breastcancer.ca\/fr\/conseils-de-collecte-de-fonds-pour-la-marche-de-la-fete-des-meres\/#breadcrumb\"},\"inLanguage\":\"fr-FR\",\"potentialAction\":[{\"@type\":\"ReadAction\",\"target\":[\"https:\/\/breastcancer.ca\/fr\/conseils-de-collecte-de-fonds-pour-la-marche-de-la-fete-des-meres\/\"]}]},{\"@type\":\"ImageObject\",\"inLanguage\":\"fr-FR\",\"@id\":\"https:\/\/breastcancer.ca\/fr\/conseils-de-collecte-de-fonds-pour-la-marche-de-la-fete-des-meres\/#primaryimage\",\"url\":\"https:\/\/breastcancer.ca\/wp-content\/uploads\/2025\/05\/TBCRU-Fundraising-Tips.jpg\",\"contentUrl\":\"https:\/\/breastcancer.ca\/wp-content\/uploads\/2025\/05\/TBCRU-Fundraising-Tips.jpg\",\"width\":1024,\"height\":512,\"caption\":\"Conseils de collecte de fonds pour la marche de la f\u00eate des M\u00e8res du GTRCS\"},{\"@type\":\"BreadcrumbList\",\"@id\":\"https:\/\/breastcancer.ca\/fr\/conseils-de-collecte-de-fonds-pour-la-marche-de-la-fete-des-meres\/#breadcrumb\",\"itemListElement\":[{\"@type\":\"ListItem\",\"position\":1,\"name\":\"Home\",\"item\":\"https:\/\/breastcancer.ca\/fr\/accueil\/\"},{\"@type\":\"ListItem\",\"position\":2,\"name\":\"Conseils de collecte de fonds pour la marche de la f\u00eate des M\u00e8res\"}]},{\"@type\":\"WebSite\",\"@id\":\"https:\/\/breastcancer.ca\/fr\/#website\",\"url\":\"https:\/\/breastcancer.ca\/fr\/\",\"name\":\"Breast Cancer Canada\",\"description\":\"The more we know, the sooner we can end breast cancer.\",\"publisher\":{\"@id\":\"https:\/\/breastcancer.ca\/fr\/#organization\"},\"potentialAction\":[{\"@type\":\"SearchAction\",\"target\":{\"@type\":\"EntryPoint\",\"urlTemplate\":\"https:\/\/breastcancer.ca\/fr\/?s={search_term_string}\"},\"query-input\":{\"@type\":\"PropertyValueSpecification\",\"valueRequired\":true,\"valueName\":\"search_term_string\"}}],\"inLanguage\":\"fr-FR\"},{\"@type\":\"Organization\",\"@id\":\"https:\/\/breastcancer.ca\/fr\/#organization\",\"name\":\"Breast Cancer Canada\",\"url\":\"https:\/\/breastcancer.ca\/fr\/\",\"logo\":{\"@type\":\"ImageObject\",\"inLanguage\":\"fr-FR\",\"@id\":\"https:\/\/breastcancer.ca\/fr\/#\/schema\/logo\/image\/\",\"url\":\"https:\/\/breastcancer.ca\/wp-content\/uploads\/2025\/04\/BCC_Logo_endscreen.png\",\"contentUrl\":\"https:\/\/breastcancer.ca\/wp-content\/uploads\/2025\/04\/BCC_Logo_endscreen.png\",\"width\":1456,\"height\":260,\"caption\":\"Breast Cancer Canada\"},\"image\":{\"@id\":\"https:\/\/breastcancer.ca\/fr\/#\/schema\/logo\/image\/\"}},{\"@type\":\"Person\",\"@id\":\"https:\/\/breastcancer.ca\/fr\/#\/schema\/person\/e97681d0e3cae3517c6f7f06e9f4c975\",\"name\":\"adminbcc2025\",\"image\":{\"@type\":\"ImageObject\",\"inLanguage\":\"fr-FR\",\"@id\":\"https:\/\/breastcancer.ca\/fr\/#\/schema\/person\/image\/\",\"url\":\"https:\/\/secure.gravatar.com\/avatar\/7705fd31e1fedd2e9802ca61a231914b36f11074c13c6ded0e8f8c3377af46b1?s=96&d=mm&r=g\",\"contentUrl\":\"https:\/\/secure.gravatar.com\/avatar\/7705fd31e1fedd2e9802ca61a231914b36f11074c13c6ded0e8f8c3377af46b1?s=96&d=mm&r=g\",\"caption\":\"adminbcc2025\"},\"sameAs\":[\"https:\/\/breastcancer.ca\"],\"url\":\"https:\/\/breastcancer.ca\/fr\/author\/adminbcc2025\/\"}]}<\/script>\n<!-- \/ Yoast SEO plugin. -->","yoast_head_json":{"title":"Conseils de collecte de fonds pour la marche de la f\u00eate des M\u00e8res - Breast Cancer Canada","robots":{"index":"index","follow":"follow","max-snippet":"max-snippet:-1","max-image-preview":"max-image-preview:large","max-video-preview":"max-video-preview:-1"},"canonical":"https:\/\/breastcancer.ca\/fr\/conseils-de-collecte-de-fonds-pour-la-marche-de-la-fete-des-meres\/","og_locale":"fr_FR","og_type":"article","og_title":"Conseils de collecte de fonds pour la marche de la f\u00eate des M\u00e8res - Breast Cancer Canada","og_description":"La marche annuelle de la f\u00eate des M\u00e8res est un \u00e9v\u00e9nement passionnant qui contribue \u00e0 rendre la Soci\u00e9t\u00e9 canadienne du cancer du sein si sp\u00e9ciale et percutante. Depuis la toute premi\u00e8re marche de la f\u00eate des M\u00e8res en 1991, des centaines de personnes se sont r\u00e9unies pour t\u00e9moigner de leur soutien et recueillir des fonds [&hellip;]","og_url":"https:\/\/breastcancer.ca\/fr\/conseils-de-collecte-de-fonds-pour-la-marche-de-la-fete-des-meres\/","og_site_name":"Breast Cancer Canada","article_published_time":"2019-04-26T20:21:15+00:00","og_image":[{"width":1024,"height":512,"url":"https:\/\/breastcancer.ca\/wp-content\/uploads\/2025\/05\/TBCRU-Fundraising-Tips.jpg","type":"image\/jpeg"}],"author":"adminbcc2025","twitter_card":"summary_large_image","twitter_misc":{"\u00c9crit par":"adminbcc2025","Dur\u00e9e de lecture estim\u00e9e":"3 minutes"},"schema":{"@context":"https:\/\/schema.org","@graph":[{"@type":"Article","@id":"https:\/\/breastcancer.ca\/fr\/conseils-de-collecte-de-fonds-pour-la-marche-de-la-fete-des-meres\/#article","isPartOf":{"@id":"https:\/\/breastcancer.ca\/fr\/conseils-de-collecte-de-fonds-pour-la-marche-de-la-fete-des-meres\/"},"author":{"name":"adminbcc2025","@id":"https:\/\/breastcancer.ca\/fr\/#\/schema\/person\/e97681d0e3cae3517c6f7f06e9f4c975"},"headline":"Conseils de collecte de fonds pour la marche de la f\u00eate des M\u00e8res","datePublished":"2019-04-26T20:21:15+00:00","mainEntityOfPage":{"@id":"https:\/\/breastcancer.ca\/fr\/conseils-de-collecte-de-fonds-pour-la-marche-de-la-fete-des-meres\/"},"wordCount":693,"commentCount":0,"publisher":{"@id":"https:\/\/breastcancer.ca\/fr\/#organization"},"image":{"@id":"https:\/\/breastcancer.ca\/fr\/conseils-de-collecte-de-fonds-pour-la-marche-de-la-fete-des-meres\/#primaryimage"},"thumbnailUrl":"https:\/\/breastcancer.ca\/wp-content\/uploads\/2025\/05\/TBCRU-Fundraising-Tips.jpg","keywords":["\u00c0 la une","chercheurs sur le cancer du sein","\u00c9quipe de la marche de la f\u00eate des M\u00e8res du GTRCS","marche de la f\u00eate des M\u00e8res","TBCRU"],"articleSection":["Notre impact"],"inLanguage":"fr-FR","potentialAction":[{"@type":"CommentAction","name":"Comment","target":["https:\/\/breastcancer.ca\/fr\/conseils-de-collecte-de-fonds-pour-la-marche-de-la-fete-des-meres\/#respond"]}]},{"@type":"WebPage","@id":"https:\/\/breastcancer.ca\/fr\/conseils-de-collecte-de-fonds-pour-la-marche-de-la-fete-des-meres\/","url":"https:\/\/breastcancer.ca\/fr\/conseils-de-collecte-de-fonds-pour-la-marche-de-la-fete-des-meres\/","name":"Conseils de collecte de fonds pour la marche de la f\u00eate des M\u00e8res - Breast Cancer Canada","isPartOf":{"@id":"https:\/\/breastcancer.ca\/fr\/#website"},"primaryImageOfPage":{"@id":"https:\/\/breastcancer.ca\/fr\/conseils-de-collecte-de-fonds-pour-la-marche-de-la-fete-des-meres\/#primaryimage"},"image":{"@id":"https:\/\/breastcancer.ca\/fr\/conseils-de-collecte-de-fonds-pour-la-marche-de-la-fete-des-meres\/#primaryimage"},"thumbnailUrl":"https:\/\/breastcancer.ca\/wp-content\/uploads\/2025\/05\/TBCRU-Fundraising-Tips.jpg","datePublished":"2019-04-26T20:21:15+00:00","breadcrumb":{"@id":"https:\/\/breastcancer.ca\/fr\/conseils-de-collecte-de-fonds-pour-la-marche-de-la-fete-des-meres\/#breadcrumb"},"inLanguage":"fr-FR","potentialAction":[{"@type":"ReadAction","target":["https:\/\/breastcancer.ca\/fr\/conseils-de-collecte-de-fonds-pour-la-marche-de-la-fete-des-meres\/"]}]},{"@type":"ImageObject","inLanguage":"fr-FR","@id":"https:\/\/breastcancer.ca\/fr\/conseils-de-collecte-de-fonds-pour-la-marche-de-la-fete-des-meres\/#primaryimage","url":"https:\/\/breastcancer.ca\/wp-content\/uploads\/2025\/05\/TBCRU-Fundraising-Tips.jpg","contentUrl":"https:\/\/breastcancer.ca\/wp-content\/uploads\/2025\/05\/TBCRU-Fundraising-Tips.jpg","width":1024,"height":512,"caption":"Conseils de collecte de fonds pour la marche de la f\u00eate des M\u00e8res du GTRCS"},{"@type":"BreadcrumbList","@id":"https:\/\/breastcancer.ca\/fr\/conseils-de-collecte-de-fonds-pour-la-marche-de-la-fete-des-meres\/#breadcrumb","itemListElement":[{"@type":"ListItem","position":1,"name":"Home","item":"https:\/\/breastcancer.ca\/fr\/accueil\/"},{"@type":"ListItem","position":2,"name":"Conseils de collecte de fonds pour la marche de la f\u00eate des M\u00e8res"}]},{"@type":"WebSite","@id":"https:\/\/breastcancer.ca\/fr\/#website","url":"https:\/\/breastcancer.ca\/fr\/","name":"Breast Cancer Canada","description":"The more we know, the sooner we can end breast cancer.","publisher":{"@id":"https:\/\/breastcancer.ca\/fr\/#organization"},"potentialAction":[{"@type":"SearchAction","target":{"@type":"EntryPoint","urlTemplate":"https:\/\/breastcancer.ca\/fr\/?s={search_term_string}"},"query-input":{"@type":"PropertyValueSpecification","valueRequired":true,"valueName":"search_term_string"}}],"inLanguage":"fr-FR"},{"@type":"Organization","@id":"https:\/\/breastcancer.ca\/fr\/#organization","name":"Breast Cancer Canada","url":"https:\/\/breastcancer.ca\/fr\/","logo":{"@type":"ImageObject","inLanguage":"fr-FR","@id":"https:\/\/breastcancer.ca\/fr\/#\/schema\/logo\/image\/","url":"https:\/\/breastcancer.ca\/wp-content\/uploads\/2025\/04\/BCC_Logo_endscreen.png","contentUrl":"https:\/\/breastcancer.ca\/wp-content\/uploads\/2025\/04\/BCC_Logo_endscreen.png","width":1456,"height":260,"caption":"Breast Cancer Canada"},"image":{"@id":"https:\/\/breastcancer.ca\/fr\/#\/schema\/logo\/image\/"}},{"@type":"Person","@id":"https:\/\/breastcancer.ca\/fr\/#\/schema\/person\/e97681d0e3cae3517c6f7f06e9f4c975","name":"adminbcc2025","image":{"@type":"ImageObject","inLanguage":"fr-FR","@id":"https:\/\/breastcancer.ca\/fr\/#\/schema\/person\/image\/","url":"https:\/\/secure.gravatar.com\/avatar\/7705fd31e1fedd2e9802ca61a231914b36f11074c13c6ded0e8f8c3377af46b1?s=96&d=mm&r=g","contentUrl":"https:\/\/secure.gravatar.com\/avatar\/7705fd31e1fedd2e9802ca61a231914b36f11074c13c6ded0e8f8c3377af46b1?s=96&d=mm&r=g","caption":"adminbcc2025"},"sameAs":["https:\/\/breastcancer.ca"],"url":"https:\/\/breastcancer.ca\/fr\/author\/adminbcc2025\/"}]}},"_links":{"self":[{"href":"https:\/\/breastcancer.ca\/fr\/wp-json\/wp\/v2\/posts\/15360","targetHints":{"allow":["GET"]}}],"collection":[{"href":"https:\/\/breastcancer.ca\/fr\/wp-json\/wp\/v2\/posts"}],"about":[{"href":"https:\/\/breastcancer.ca\/fr\/wp-json\/wp\/v2\/types\/post"}],"author":[{"embeddable":true,"href":"https:\/\/breastcancer.ca\/fr\/wp-json\/wp\/v2\/users\/1"}],"replies":[{"embeddable":true,"href":"https:\/\/breastcancer.ca\/fr\/wp-json\/wp\/v2\/comments?post=15360"}],"version-history":[{"count":0,"href":"https:\/\/breastcancer.ca\/fr\/wp-json\/wp\/v2\/posts\/15360\/revisions"}],"wp:featuredmedia":[{"embeddable":true,"href":"https:\/\/breastcancer.ca\/fr\/wp-json\/wp\/v2\/media\/15361"}],"wp:attachment":[{"href":"https:\/\/breastcancer.ca\/fr\/wp-json\/wp\/v2\/media?parent=15360"}],"wp:term":[{"taxonomy":"category","embeddable":true,"href":"https:\/\/breastcancer.ca\/fr\/wp-json\/wp\/v2\/categories?post=15360"},{"taxonomy":"post_tag","embeddable":true,"href":"https:\/\/breastcancer.ca\/fr\/wp-json\/wp\/v2\/tags?post=15360"}],"curies":[{"name":"wp","href":"https:\/\/api.w.org\/{rel}","templated":true}]}}