{"id":15377,"date":"2019-03-27T21:55:51","date_gmt":"2019-03-27T21:55:51","guid":{"rendered":"https:\/\/breastcancer.ca\/braeden-medeiros-souhaite-comprendre-comment-les-metastases-se-developpent\/"},"modified":"2019-03-27T21:55:51","modified_gmt":"2019-03-27T21:55:51","slug":"braeden-medeiros-souhaite-comprendre-comment-les-metastases-se-developpent","status":"publish","type":"post","link":"https:\/\/breastcancer.ca\/fr\/braeden-medeiros-souhaite-comprendre-comment-les-metastases-se-developpent\/","title":{"rendered":"Braeden Medeiros souhaite comprendre comment les m\u00e9tastases se d\u00e9veloppent"},"content":{"rendered":"<p><strong>1. Qui \u00eates-vous ? Parlez-nous de vous. <\/strong><\/p>\n<p>Je m&rsquo;appelle Braeden Medeiros et je suis \u00e9tudiant de premi\u00e8re ann\u00e9e \u00e0 la ma\u00eetrise au D\u00e9partement d&rsquo;anatomie et de biologie cellulaire de l&rsquo;Universit\u00e9 Western. Je travaille dans le laboratoire du Dr Alison Allan au Programme de canc\u00e9rologie r\u00e9gionale de London. Avant de poursuivre mes \u00e9tudes sup\u00e9rieures, j&rsquo;ai obtenu un baccalaur\u00e9at \u00e8s sciences \u00e0 Western avec une sp\u00e9cialisation avec distinction en g\u00e9n\u00e9tique.  <\/p>\n<p><strong>2. Pourquoi la bourse d&rsquo;\u00e9tudes du GRTCB est-elle importante pour vous ?<\/strong><\/p>\n<p>Recevoir cette bourse est un privil\u00e8ge qui a contribu\u00e9 \u00e0 financer les ressources n\u00e9cessaires pour faire progresser mes recherches. Cette bourse m&rsquo;a \u00e9galement permis de r\u00e9seauter et de collaborer avec d&rsquo;autres r\u00e9cipiendaires de bourses d&rsquo;\u00e9tudes du TBCRU. Cette opportunit\u00e9 me permet de partager mes recherches avec mes pairs, ce qui pourrait potentiellement mener \u00e0 des projets de collaboration et \u00e0 d&rsquo;autres avanc\u00e9es dans la recherche sur le cancer du sein.  <\/p>\n<p><strong>3. Parlez-nous de votre recherche. Que faites-vous et quels probl\u00e8mes esp\u00e9rez-vous r\u00e9soudre? <\/strong><\/p>\n<p>Malgr\u00e9 les progr\u00e8s r\u00e9alis\u00e9s en mati\u00e8re de diagnostic et de traitement, le cancer du sein demeure un d\u00e9fi clinique. Cela est d\u00fb \u00e0 une mauvaise compr\u00e9hension de la propagation du cancer (m\u00e9tastase), un processus qui cause la majorit\u00e9 des d\u00e9c\u00e8s li\u00e9s au cancer du sein. Le poumon est l&rsquo;un des sites les plus mortels de m\u00e9tastase du cancer du sein, en particulier pour les patientes atteintes d&rsquo;un sous-type agressif de cancer du sein appel\u00e9 maladie triple n\u00e9gative (TN).  <\/p>\n<p>Nous avons pr\u00e9c\u00e9demment observ\u00e9 que le cancer du sein TN a tendance \u00e0 migrer vers le poumon et \u00e0 y cro\u00eetre. Ce projet \u00e9valuera comment ce sous-type influence la capacit\u00e9 du poumon \u00e0 produire\/attirer des facteurs sp\u00e9cifiques qui soutiennent la propagation du cancer du sein. Les objectifs de ma recherche sont d&rsquo;identifier quand, pourquoi et comment la m\u00e9tastase pulmonaire se d\u00e9veloppe d&rsquo;une mani\u00e8re sp\u00e9cifique au sous-type. Le r\u00e9sultat pourrait se traduire par une d\u00e9tection plus pr\u00e9coce, un traitement am\u00e9lior\u00e9 et la pr\u00e9vention de la m\u00e9tastase.   <\/p>\n<p><strong>4. Pourquoi votre recherche est-elle importante? Comment votre recherche peut-elle \u00eatre appliqu\u00e9e dans le monde r\u00e9el? <\/strong><\/p>\n<p>Ma recherche vise \u00e0 d\u00e9couvrir comment une tumeur mammaire primaire influence et se propage vers des organes distants, tels que le poumon. Les r\u00e9sultats de mon projet pourraient mener \u00e0 des strat\u00e9gies de gestion clinique am\u00e9lior\u00e9es lorsqu&rsquo;une patiente re\u00e7oit un premier diagnostic de cancer du sein. Cela serait rendu possible en identifiant les sous-types mol\u00e9culaires pertinents \u00e9tudi\u00e9s dans ma recherche pour leur tendance \u00e0 se propager, ce qui peut aider les cliniciens \u00e0 d\u00e9tecter, traiter et\/ou pr\u00e9venir plus t\u00f4t la m\u00e9tastase pulmonaire chez les patientes atteintes d&rsquo;un cancer du sein.  <\/p>\n<p><strong>5. Qu&rsquo;est-ce qui a inspir\u00e9 votre recherche?<\/strong><\/p>\n<p>L&rsquo;inspiration de ce projet est venue de deux domaines principaux : la litt\u00e9rature et les exp\u00e9riences pr\u00e9c\u00e9dentes. La litt\u00e9rature contient un nombre croissant de preuves qui d\u00e9montrent que le cancer du sein luminal et triple n\u00e9gatif a tendance \u00e0 se propager \u00e0 des organes secondaires sp\u00e9cifiques. Il existe \u00e9galement une litt\u00e9rature sugg\u00e9rant que la pr\u00e9sence d&rsquo;une tumeur primaire a le potentiel d&rsquo;influencer un organe secondaire en pr\u00e9paration de la m\u00e9tastase (la propagation du cancer). Des travaux exp\u00e9rimentaux ant\u00e9rieurs dans le laboratoire Allan ont r\u00e9v\u00e9l\u00e9 que le poumon produit certains facteurs qui favorisent la m\u00e9tastase du cancer du sein. La litt\u00e9rature pr\u00e9existante et les r\u00e9sultats de mon propre laboratoire m&rsquo;ont amen\u00e9 \u00e0 poser la question suivante : comment et quand le cancer du sein se propage-t-il sp\u00e9cifiquement au poumon?    <\/p>\n<p><strong>6. Pourquoi \u00eates-vous passionn\u00e9 par la recherche sur le cancer du sein?<\/strong><\/p>\n<p>En tant qu&rsquo;\u00e9tudiant de premier cycle, je n&rsquo;avais pas l&rsquo;intention de poursuivre des \u00e9tudes sup\u00e9rieures. Cependant, au cours de ma deuxi\u00e8me ann\u00e9e d&rsquo;universit\u00e9, ma tante a re\u00e7u un diagnostic de cancer de l&rsquo;ovaire et, avec le temps, la maladie s&rsquo;est propag\u00e9e dans tout son corps, entra\u00eenant son d\u00e9c\u00e8s. Cela a chang\u00e9 ma perception de ce que je voulais faire avec mon dipl\u00f4me.  <\/p>\n<p>Apr\u00e8s quelques recherches, il est devenu douloureusement clair \u00e0 quel point notre compr\u00e9hension de la fa\u00e7on dont la m\u00e9tastase se produit et de la fa\u00e7on de la traiter est limit\u00e9e. Mon intention \u00e9tait de me concentrer sur un sujet de recherche qui pourrait avoir un grand impact sur les patients. \u00c0 ce stade, j&rsquo;avais d\u00e9fini un objectif de recherche partiel, la prochaine \u00e9tape consistait \u00e0 d\u00e9terminer sur quel type de cancer je me concentrerais. J&rsquo;ai vite r\u00e9alis\u00e9 la pr\u00e9valence du cancer du sein dans notre soci\u00e9t\u00e9. Arm\u00e9 d&rsquo;un sujet qui me passionnait, j&rsquo;ai cherch\u00e9 \u00e0 trouver un chercheur avec un enthousiasme \u00e9gal et j&rsquo;ai vite d\u00e9couvert que c&rsquo;\u00e9tait le Dr Alison Allan.    <\/p>\n<p><strong>7. Pourquoi pensez-vous que la recherche sur le cancer du sein est importante?<\/strong><\/p>\n<p>Le cancer du sein est le cancer le plus fr\u00e9quent chez les femmes et la deuxi\u00e8me cause de d\u00e9c\u00e8s li\u00e9s au cancer. Une femme canadienne sur huit recevra un diagnostic de cancer du sein et, malheureusement, une sur 31 en mourra. Ces chiffres sont stup\u00e9fiants et inacceptables, surtout si l&rsquo;on consid\u00e8re que presque tous les d\u00e9c\u00e8s li\u00e9s au cancer du sein sont attribu\u00e9s \u00e0 la m\u00e9tastase. Sans la recherche sur le cancer du sein, les traitements stagneront et, avec le temps, ces statistiques s&rsquo;aggraveront. La recherche sur le cancer du sein a la capacit\u00e9 de faire progresser les th\u00e9rapies, d&rsquo;am\u00e9liorer les m\u00e9thodes de diagnostic et, surtout, de donner de l&rsquo;espoir aux milliers de Canadiens qui luttent contre cette terrible maladie.    <\/p>\n<p><strong>8. Qu&rsquo;est-ce qui vous passionne dans votre travail?<\/strong><\/p>\n<p>Les statistiques associ\u00e9es au cancer du sein au Canada montrent la n\u00e9cessit\u00e9 de poursuivre la recherche et l&rsquo;innovation. Le sujet de recherche que je propose r\u00e9pond \u00e0 une question fondamentale dans le domaine du cancer du sein, qui pourrait donner un aper\u00e7u de la fa\u00e7on dont le cancer du sein se propage. La capacit\u00e9 de faire progresser la compr\u00e9hension actuelle du cancer du sein est \u00e0 la fois inspirante et un privil\u00e8ge.  <\/p>\n<p><strong>9. Que vous voyez-vous faire dans l&rsquo;avenir?<\/strong><\/p>\n<p>En tant qu&rsquo;\u00e9tudiant \u00e0 la ma\u00eetrise, je suis au d\u00e9but de ma carri\u00e8re de chercheur universitaire, et pour moi, la possibilit\u00e9 de r\u00e9pondre \u00e0 des questions en suspens et de faire progresser la litt\u00e9rature actuelle est quelque chose auquel j&rsquo;ai toujours aspir\u00e9. Encore plus satisfaisant, c&rsquo;est de prendre ce qui est appris au laboratoire et de le traduire au chevet du patient. Apr\u00e8s avoir termin\u00e9 mon doctorat, j&rsquo;esp\u00e8re suivre la voie difficile du milieu universitaire, ce qui me permettra de faire de la recherche, mais aussi d&rsquo;enseigner \u00e0 la prochaine g\u00e9n\u00e9ration de scientifiques.  <\/p>\n<p><strong>10. Qu&rsquo;aimez-vous faire lorsque vous ne travaillez pas sur la recherche?<\/strong><\/p>\n<p>En dehors du laboratoire, je suis op\u00e9rateur de renseignement au sein des Forces arm\u00e9es canadiennes. Je fais \u00e9galement du b\u00e9n\u00e9volat, j&rsquo;enseigne l&rsquo;ALS et je participe au conseil d&rsquo;administration d&rsquo;un organisme sans but lucratif. <\/p>\n<p><strong>Soutenez les chercheurs comme Braeden Medeiros en envisageant de faire un don \u00e0 la Soci\u00e9t\u00e9 canadienne du cancer du sein. D\u00e9couvrez comment vous pouvez aider \u00e0 financer la recherche qui sauve des vies, visitez <a href=\"http:\/\/bcsc.ca\/donate\">bcsc.ca\/donate<\/a> <\/strong><\/p>\n","protected":false},"excerpt":{"rendered":"<p>1. Qui \u00eates-vous ? Parlez-nous de vous. Je m&rsquo;appelle Braeden Medeiros et je suis \u00e9tudiant de premi\u00e8re ann\u00e9e \u00e0 la ma\u00eetrise au D\u00e9partement d&rsquo;anatomie et de biologie cellulaire de l&rsquo;Universit\u00e9 Western. Je travaille dans le laboratoire du Dr Alison Allan au Programme de canc\u00e9rologie r\u00e9gionale de London. Avant de poursuivre mes \u00e9tudes sup\u00e9rieures, j&rsquo;ai obtenu [&hellip;]<\/p>\n","protected":false},"author":1,"featured_media":15378,"comment_status":"open","ping_status":"open","sticky":false,"template":"","format":"standard","meta":{"_acf_changed":false,"footnotes":""},"categories":[524],"tags":[530,528,531,540],"class_list":["post-15377","post","type-post","status-publish","format-standard","has-post-thumbnail","hentry","category-notre-impact","tag-a-la-une","tag-centre-des-sciences-de-la-sante-de-london","tag-chercheurs-sur-le-cancer-du-sein","tag-metastase-du-cancer-du-sein"],"acf":[],"yoast_head":"<!-- This site is optimized with the Yoast SEO plugin v26.5 - https:\/\/yoast.com\/wordpress\/plugins\/seo\/ -->\n<title>Braeden Medeiros souhaite comprendre comment les m\u00e9tastases se d\u00e9veloppent - Breast Cancer Canada<\/title>\n<meta name=\"robots\" content=\"index, follow, max-snippet:-1, max-image-preview:large, max-video-preview:-1\" \/>\n<link rel=\"canonical\" href=\"https:\/\/breastcancer.ca\/fr\/braeden-medeiros-souhaite-comprendre-comment-les-metastases-se-developpent\/\" \/>\n<meta property=\"og:locale\" content=\"fr_FR\" \/>\n<meta property=\"og:type\" content=\"article\" \/>\n<meta property=\"og:title\" content=\"Braeden Medeiros souhaite comprendre comment les m\u00e9tastases se d\u00e9veloppent - Breast Cancer Canada\" \/>\n<meta property=\"og:description\" content=\"1. Qui \u00eates-vous ? Parlez-nous de vous. Je m&rsquo;appelle Braeden Medeiros et je suis \u00e9tudiant de premi\u00e8re ann\u00e9e \u00e0 la ma\u00eetrise au D\u00e9partement d&rsquo;anatomie et de biologie cellulaire de l&rsquo;Universit\u00e9 Western. Je travaille dans le laboratoire du Dr Alison Allan au Programme de canc\u00e9rologie r\u00e9gionale de London. Avant de poursuivre mes \u00e9tudes sup\u00e9rieures, j&rsquo;ai obtenu [&hellip;]\" \/>\n<meta property=\"og:url\" content=\"https:\/\/breastcancer.ca\/fr\/braeden-medeiros-souhaite-comprendre-comment-les-metastases-se-developpent\/\" \/>\n<meta property=\"og:site_name\" content=\"Breast Cancer Canada\" \/>\n<meta property=\"article:published_time\" content=\"2019-03-27T21:55:51+00:00\" \/>\n<meta property=\"og:image\" content=\"https:\/\/breastcancer.ca\/wp-content\/uploads\/2025\/05\/Braeden-Medeiros2.jpg\" \/>\n\t<meta property=\"og:image:width\" content=\"1024\" \/>\n\t<meta property=\"og:image:height\" content=\"512\" \/>\n\t<meta property=\"og:image:type\" content=\"image\/jpeg\" \/>\n<meta name=\"author\" content=\"adminbcc2025\" \/>\n<meta name=\"twitter:card\" content=\"summary_large_image\" \/>\n<meta name=\"twitter:label1\" content=\"\u00c9crit par\" \/>\n\t<meta name=\"twitter:data1\" content=\"adminbcc2025\" \/>\n\t<meta name=\"twitter:label2\" content=\"Dur\u00e9e de lecture estim\u00e9e\" \/>\n\t<meta name=\"twitter:data2\" content=\"6 minutes\" \/>\n<script type=\"application\/ld+json\" class=\"yoast-schema-graph\">{\"@context\":\"https:\/\/schema.org\",\"@graph\":[{\"@type\":\"Article\",\"@id\":\"https:\/\/breastcancer.ca\/fr\/braeden-medeiros-souhaite-comprendre-comment-les-metastases-se-developpent\/#article\",\"isPartOf\":{\"@id\":\"https:\/\/breastcancer.ca\/fr\/braeden-medeiros-souhaite-comprendre-comment-les-metastases-se-developpent\/\"},\"author\":{\"name\":\"adminbcc2025\",\"@id\":\"https:\/\/breastcancer.ca\/fr\/#\/schema\/person\/e97681d0e3cae3517c6f7f06e9f4c975\"},\"headline\":\"Braeden Medeiros souhaite comprendre comment les m\u00e9tastases se d\u00e9veloppent\",\"datePublished\":\"2019-03-27T21:55:51+00:00\",\"mainEntityOfPage\":{\"@id\":\"https:\/\/breastcancer.ca\/fr\/braeden-medeiros-souhaite-comprendre-comment-les-metastases-se-developpent\/\"},\"wordCount\":1260,\"commentCount\":0,\"publisher\":{\"@id\":\"https:\/\/breastcancer.ca\/fr\/#organization\"},\"image\":{\"@id\":\"https:\/\/breastcancer.ca\/fr\/braeden-medeiros-souhaite-comprendre-comment-les-metastases-se-developpent\/#primaryimage\"},\"thumbnailUrl\":\"https:\/\/breastcancer.ca\/wp-content\/uploads\/2025\/05\/Braeden-Medeiros2.jpg\",\"keywords\":[\"\u00c0 la une\",\"Centre des sciences de la sant\u00e9 de London\",\"chercheurs sur le cancer du sein\",\"m\u00e9tastase du cancer du sein\"],\"articleSection\":[\"Notre impact\"],\"inLanguage\":\"fr-FR\",\"potentialAction\":[{\"@type\":\"CommentAction\",\"name\":\"Comment\",\"target\":[\"https:\/\/breastcancer.ca\/fr\/braeden-medeiros-souhaite-comprendre-comment-les-metastases-se-developpent\/#respond\"]}]},{\"@type\":\"WebPage\",\"@id\":\"https:\/\/breastcancer.ca\/fr\/braeden-medeiros-souhaite-comprendre-comment-les-metastases-se-developpent\/\",\"url\":\"https:\/\/breastcancer.ca\/fr\/braeden-medeiros-souhaite-comprendre-comment-les-metastases-se-developpent\/\",\"name\":\"Braeden Medeiros souhaite comprendre comment les m\u00e9tastases se d\u00e9veloppent - Breast Cancer Canada\",\"isPartOf\":{\"@id\":\"https:\/\/breastcancer.ca\/fr\/#website\"},\"primaryImageOfPage\":{\"@id\":\"https:\/\/breastcancer.ca\/fr\/braeden-medeiros-souhaite-comprendre-comment-les-metastases-se-developpent\/#primaryimage\"},\"image\":{\"@id\":\"https:\/\/breastcancer.ca\/fr\/braeden-medeiros-souhaite-comprendre-comment-les-metastases-se-developpent\/#primaryimage\"},\"thumbnailUrl\":\"https:\/\/breastcancer.ca\/wp-content\/uploads\/2025\/05\/Braeden-Medeiros2.jpg\",\"datePublished\":\"2019-03-27T21:55:51+00:00\",\"breadcrumb\":{\"@id\":\"https:\/\/breastcancer.ca\/fr\/braeden-medeiros-souhaite-comprendre-comment-les-metastases-se-developpent\/#breadcrumb\"},\"inLanguage\":\"fr-FR\",\"potentialAction\":[{\"@type\":\"ReadAction\",\"target\":[\"https:\/\/breastcancer.ca\/fr\/braeden-medeiros-souhaite-comprendre-comment-les-metastases-se-developpent\/\"]}]},{\"@type\":\"ImageObject\",\"inLanguage\":\"fr-FR\",\"@id\":\"https:\/\/breastcancer.ca\/fr\/braeden-medeiros-souhaite-comprendre-comment-les-metastases-se-developpent\/#primaryimage\",\"url\":\"https:\/\/breastcancer.ca\/wp-content\/uploads\/2025\/05\/Braeden-Medeiros2.jpg\",\"contentUrl\":\"https:\/\/breastcancer.ca\/wp-content\/uploads\/2025\/05\/Braeden-Medeiros2.jpg\",\"width\":1024,\"height\":512,\"caption\":\"Braeden Medeiros\"},{\"@type\":\"BreadcrumbList\",\"@id\":\"https:\/\/breastcancer.ca\/fr\/braeden-medeiros-souhaite-comprendre-comment-les-metastases-se-developpent\/#breadcrumb\",\"itemListElement\":[{\"@type\":\"ListItem\",\"position\":1,\"name\":\"Home\",\"item\":\"https:\/\/breastcancer.ca\/fr\/accueil\/\"},{\"@type\":\"ListItem\",\"position\":2,\"name\":\"Braeden Medeiros souhaite comprendre comment les m\u00e9tastases se d\u00e9veloppent\"}]},{\"@type\":\"WebSite\",\"@id\":\"https:\/\/breastcancer.ca\/fr\/#website\",\"url\":\"https:\/\/breastcancer.ca\/fr\/\",\"name\":\"Breast Cancer Canada\",\"description\":\"The more we know, the sooner we can end breast cancer.\",\"publisher\":{\"@id\":\"https:\/\/breastcancer.ca\/fr\/#organization\"},\"potentialAction\":[{\"@type\":\"SearchAction\",\"target\":{\"@type\":\"EntryPoint\",\"urlTemplate\":\"https:\/\/breastcancer.ca\/fr\/?s={search_term_string}\"},\"query-input\":{\"@type\":\"PropertyValueSpecification\",\"valueRequired\":true,\"valueName\":\"search_term_string\"}}],\"inLanguage\":\"fr-FR\"},{\"@type\":\"Organization\",\"@id\":\"https:\/\/breastcancer.ca\/fr\/#organization\",\"name\":\"Breast Cancer Canada\",\"url\":\"https:\/\/breastcancer.ca\/fr\/\",\"logo\":{\"@type\":\"ImageObject\",\"inLanguage\":\"fr-FR\",\"@id\":\"https:\/\/breastcancer.ca\/fr\/#\/schema\/logo\/image\/\",\"url\":\"https:\/\/breastcancer.ca\/wp-content\/uploads\/2025\/04\/BCC_Logo_endscreen.png\",\"contentUrl\":\"https:\/\/breastcancer.ca\/wp-content\/uploads\/2025\/04\/BCC_Logo_endscreen.png\",\"width\":1456,\"height\":260,\"caption\":\"Breast Cancer Canada\"},\"image\":{\"@id\":\"https:\/\/breastcancer.ca\/fr\/#\/schema\/logo\/image\/\"}},{\"@type\":\"Person\",\"@id\":\"https:\/\/breastcancer.ca\/fr\/#\/schema\/person\/e97681d0e3cae3517c6f7f06e9f4c975\",\"name\":\"adminbcc2025\",\"image\":{\"@type\":\"ImageObject\",\"inLanguage\":\"fr-FR\",\"@id\":\"https:\/\/breastcancer.ca\/fr\/#\/schema\/person\/image\/\",\"url\":\"https:\/\/secure.gravatar.com\/avatar\/7705fd31e1fedd2e9802ca61a231914b36f11074c13c6ded0e8f8c3377af46b1?s=96&d=mm&r=g\",\"contentUrl\":\"https:\/\/secure.gravatar.com\/avatar\/7705fd31e1fedd2e9802ca61a231914b36f11074c13c6ded0e8f8c3377af46b1?s=96&d=mm&r=g\",\"caption\":\"adminbcc2025\"},\"sameAs\":[\"https:\/\/breastcancer.ca\"],\"url\":\"https:\/\/breastcancer.ca\/fr\/author\/adminbcc2025\/\"}]}<\/script>\n<!-- \/ Yoast SEO plugin. -->","yoast_head_json":{"title":"Braeden Medeiros souhaite comprendre comment les m\u00e9tastases se d\u00e9veloppent - Breast Cancer Canada","robots":{"index":"index","follow":"follow","max-snippet":"max-snippet:-1","max-image-preview":"max-image-preview:large","max-video-preview":"max-video-preview:-1"},"canonical":"https:\/\/breastcancer.ca\/fr\/braeden-medeiros-souhaite-comprendre-comment-les-metastases-se-developpent\/","og_locale":"fr_FR","og_type":"article","og_title":"Braeden Medeiros souhaite comprendre comment les m\u00e9tastases se d\u00e9veloppent - Breast Cancer Canada","og_description":"1. Qui \u00eates-vous ? Parlez-nous de vous. Je m&rsquo;appelle Braeden Medeiros et je suis \u00e9tudiant de premi\u00e8re ann\u00e9e \u00e0 la ma\u00eetrise au D\u00e9partement d&rsquo;anatomie et de biologie cellulaire de l&rsquo;Universit\u00e9 Western. Je travaille dans le laboratoire du Dr Alison Allan au Programme de canc\u00e9rologie r\u00e9gionale de London. Avant de poursuivre mes \u00e9tudes sup\u00e9rieures, j&rsquo;ai obtenu [&hellip;]","og_url":"https:\/\/breastcancer.ca\/fr\/braeden-medeiros-souhaite-comprendre-comment-les-metastases-se-developpent\/","og_site_name":"Breast Cancer Canada","article_published_time":"2019-03-27T21:55:51+00:00","og_image":[{"width":1024,"height":512,"url":"https:\/\/breastcancer.ca\/wp-content\/uploads\/2025\/05\/Braeden-Medeiros2.jpg","type":"image\/jpeg"}],"author":"adminbcc2025","twitter_card":"summary_large_image","twitter_misc":{"\u00c9crit par":"adminbcc2025","Dur\u00e9e de lecture estim\u00e9e":"6 minutes"},"schema":{"@context":"https:\/\/schema.org","@graph":[{"@type":"Article","@id":"https:\/\/breastcancer.ca\/fr\/braeden-medeiros-souhaite-comprendre-comment-les-metastases-se-developpent\/#article","isPartOf":{"@id":"https:\/\/breastcancer.ca\/fr\/braeden-medeiros-souhaite-comprendre-comment-les-metastases-se-developpent\/"},"author":{"name":"adminbcc2025","@id":"https:\/\/breastcancer.ca\/fr\/#\/schema\/person\/e97681d0e3cae3517c6f7f06e9f4c975"},"headline":"Braeden Medeiros souhaite comprendre comment les m\u00e9tastases se d\u00e9veloppent","datePublished":"2019-03-27T21:55:51+00:00","mainEntityOfPage":{"@id":"https:\/\/breastcancer.ca\/fr\/braeden-medeiros-souhaite-comprendre-comment-les-metastases-se-developpent\/"},"wordCount":1260,"commentCount":0,"publisher":{"@id":"https:\/\/breastcancer.ca\/fr\/#organization"},"image":{"@id":"https:\/\/breastcancer.ca\/fr\/braeden-medeiros-souhaite-comprendre-comment-les-metastases-se-developpent\/#primaryimage"},"thumbnailUrl":"https:\/\/breastcancer.ca\/wp-content\/uploads\/2025\/05\/Braeden-Medeiros2.jpg","keywords":["\u00c0 la une","Centre des sciences de la sant\u00e9 de London","chercheurs sur le cancer du sein","m\u00e9tastase du cancer du sein"],"articleSection":["Notre impact"],"inLanguage":"fr-FR","potentialAction":[{"@type":"CommentAction","name":"Comment","target":["https:\/\/breastcancer.ca\/fr\/braeden-medeiros-souhaite-comprendre-comment-les-metastases-se-developpent\/#respond"]}]},{"@type":"WebPage","@id":"https:\/\/breastcancer.ca\/fr\/braeden-medeiros-souhaite-comprendre-comment-les-metastases-se-developpent\/","url":"https:\/\/breastcancer.ca\/fr\/braeden-medeiros-souhaite-comprendre-comment-les-metastases-se-developpent\/","name":"Braeden Medeiros souhaite comprendre comment les m\u00e9tastases se d\u00e9veloppent - Breast Cancer Canada","isPartOf":{"@id":"https:\/\/breastcancer.ca\/fr\/#website"},"primaryImageOfPage":{"@id":"https:\/\/breastcancer.ca\/fr\/braeden-medeiros-souhaite-comprendre-comment-les-metastases-se-developpent\/#primaryimage"},"image":{"@id":"https:\/\/breastcancer.ca\/fr\/braeden-medeiros-souhaite-comprendre-comment-les-metastases-se-developpent\/#primaryimage"},"thumbnailUrl":"https:\/\/breastcancer.ca\/wp-content\/uploads\/2025\/05\/Braeden-Medeiros2.jpg","datePublished":"2019-03-27T21:55:51+00:00","breadcrumb":{"@id":"https:\/\/breastcancer.ca\/fr\/braeden-medeiros-souhaite-comprendre-comment-les-metastases-se-developpent\/#breadcrumb"},"inLanguage":"fr-FR","potentialAction":[{"@type":"ReadAction","target":["https:\/\/breastcancer.ca\/fr\/braeden-medeiros-souhaite-comprendre-comment-les-metastases-se-developpent\/"]}]},{"@type":"ImageObject","inLanguage":"fr-FR","@id":"https:\/\/breastcancer.ca\/fr\/braeden-medeiros-souhaite-comprendre-comment-les-metastases-se-developpent\/#primaryimage","url":"https:\/\/breastcancer.ca\/wp-content\/uploads\/2025\/05\/Braeden-Medeiros2.jpg","contentUrl":"https:\/\/breastcancer.ca\/wp-content\/uploads\/2025\/05\/Braeden-Medeiros2.jpg","width":1024,"height":512,"caption":"Braeden Medeiros"},{"@type":"BreadcrumbList","@id":"https:\/\/breastcancer.ca\/fr\/braeden-medeiros-souhaite-comprendre-comment-les-metastases-se-developpent\/#breadcrumb","itemListElement":[{"@type":"ListItem","position":1,"name":"Home","item":"https:\/\/breastcancer.ca\/fr\/accueil\/"},{"@type":"ListItem","position":2,"name":"Braeden Medeiros souhaite comprendre comment les m\u00e9tastases se d\u00e9veloppent"}]},{"@type":"WebSite","@id":"https:\/\/breastcancer.ca\/fr\/#website","url":"https:\/\/breastcancer.ca\/fr\/","name":"Breast Cancer Canada","description":"The more we know, the sooner we can end breast cancer.","publisher":{"@id":"https:\/\/breastcancer.ca\/fr\/#organization"},"potentialAction":[{"@type":"SearchAction","target":{"@type":"EntryPoint","urlTemplate":"https:\/\/breastcancer.ca\/fr\/?s={search_term_string}"},"query-input":{"@type":"PropertyValueSpecification","valueRequired":true,"valueName":"search_term_string"}}],"inLanguage":"fr-FR"},{"@type":"Organization","@id":"https:\/\/breastcancer.ca\/fr\/#organization","name":"Breast Cancer Canada","url":"https:\/\/breastcancer.ca\/fr\/","logo":{"@type":"ImageObject","inLanguage":"fr-FR","@id":"https:\/\/breastcancer.ca\/fr\/#\/schema\/logo\/image\/","url":"https:\/\/breastcancer.ca\/wp-content\/uploads\/2025\/04\/BCC_Logo_endscreen.png","contentUrl":"https:\/\/breastcancer.ca\/wp-content\/uploads\/2025\/04\/BCC_Logo_endscreen.png","width":1456,"height":260,"caption":"Breast Cancer Canada"},"image":{"@id":"https:\/\/breastcancer.ca\/fr\/#\/schema\/logo\/image\/"}},{"@type":"Person","@id":"https:\/\/breastcancer.ca\/fr\/#\/schema\/person\/e97681d0e3cae3517c6f7f06e9f4c975","name":"adminbcc2025","image":{"@type":"ImageObject","inLanguage":"fr-FR","@id":"https:\/\/breastcancer.ca\/fr\/#\/schema\/person\/image\/","url":"https:\/\/secure.gravatar.com\/avatar\/7705fd31e1fedd2e9802ca61a231914b36f11074c13c6ded0e8f8c3377af46b1?s=96&d=mm&r=g","contentUrl":"https:\/\/secure.gravatar.com\/avatar\/7705fd31e1fedd2e9802ca61a231914b36f11074c13c6ded0e8f8c3377af46b1?s=96&d=mm&r=g","caption":"adminbcc2025"},"sameAs":["https:\/\/breastcancer.ca"],"url":"https:\/\/breastcancer.ca\/fr\/author\/adminbcc2025\/"}]}},"_links":{"self":[{"href":"https:\/\/breastcancer.ca\/fr\/wp-json\/wp\/v2\/posts\/15377","targetHints":{"allow":["GET"]}}],"collection":[{"href":"https:\/\/breastcancer.ca\/fr\/wp-json\/wp\/v2\/posts"}],"about":[{"href":"https:\/\/breastcancer.ca\/fr\/wp-json\/wp\/v2\/types\/post"}],"author":[{"embeddable":true,"href":"https:\/\/breastcancer.ca\/fr\/wp-json\/wp\/v2\/users\/1"}],"replies":[{"embeddable":true,"href":"https:\/\/breastcancer.ca\/fr\/wp-json\/wp\/v2\/comments?post=15377"}],"version-history":[{"count":0,"href":"https:\/\/breastcancer.ca\/fr\/wp-json\/wp\/v2\/posts\/15377\/revisions"}],"wp:featuredmedia":[{"embeddable":true,"href":"https:\/\/breastcancer.ca\/fr\/wp-json\/wp\/v2\/media\/15378"}],"wp:attachment":[{"href":"https:\/\/breastcancer.ca\/fr\/wp-json\/wp\/v2\/media?parent=15377"}],"wp:term":[{"taxonomy":"category","embeddable":true,"href":"https:\/\/breastcancer.ca\/fr\/wp-json\/wp\/v2\/categories?post=15377"},{"taxonomy":"post_tag","embeddable":true,"href":"https:\/\/breastcancer.ca\/fr\/wp-json\/wp\/v2\/tags?post=15377"}],"curies":[{"name":"wp","href":"https:\/\/api.w.org\/{rel}","templated":true}]}}