{"id":15389,"date":"2018-11-26T23:33:02","date_gmt":"2018-11-26T23:33:02","guid":{"rendered":"https:\/\/breastcancer.ca\/grace-a-la-recherche-je-peux-partager-mon-histoire-aujourdhui-natalia-mukhina\/"},"modified":"2018-11-26T23:33:02","modified_gmt":"2018-11-26T23:33:02","slug":"grace-a-la-recherche-je-peux-partager-mon-histoire-aujourdhui-natalia-mukhina","status":"publish","type":"post","link":"https:\/\/breastcancer.ca\/fr\/grace-a-la-recherche-je-peux-partager-mon-histoire-aujourdhui-natalia-mukhina\/","title":{"rendered":"Gr\u00e2ce \u00e0 la recherche, je peux partager mon histoire aujourd&rsquo;hui &#8211; Natalia mukhina"},"content":{"rendered":"<p>Je me souviens tr\u00e8s bien du sentiment que j&rsquo;ai eu lorsque j&rsquo;ai entendu mon diagnostic. C&rsquo;\u00e9tait il y a 7 ans, fin novembre 2011. Je me souviens avoir ressenti une peur paralysante si intense que j&rsquo;\u00e9tais incapable de bouger ou de respirer. Ma m\u00e8re et mes grands-parents sont d\u00e9c\u00e9d\u00e9s d&rsquo;un cancer, donc quelque part au fond de moi, j&rsquo;ai admis la possibilit\u00e9 que je puisse un jour d\u00e9velopper une maladie canc\u00e9reuse, moi aussi. Mais il est impossible de se pr\u00e9parer au cancer.    <\/p>\n<p>Dans les six mois suivant le diagnostic initial, j&rsquo;ai subi deux op\u00e9rations, huit cycles de chimioth\u00e9rapie, 33 s\u00e9ances de radioth\u00e9rapie et j&rsquo;ai commenc\u00e9 une hormonoth\u00e9rapie. Ce fut un parcours douloureux et difficile, mais aussi une p\u00e9riode excessivement m\u00e9morable et r\u00e9v\u00e9latrice de ma vie. Je suis en mesure de partager mon histoire aujourd&rsquo;hui gr\u00e2ce au travail d&rsquo;innombrables chercheurs. Je sais combien de travail les chercheurs ont accompli dans le pass\u00e9 et continuent de faire pour lutter contre le cancer du sein. Je vis, travaille et aime passer du temps avec ma famille et mes amis gr\u00e2ce \u00e0 leurs efforts pour trouver un rem\u00e8de contre le cancer.    <\/p>\n<p>Le cancer du sein est insidieux car au d\u00e9but, il n&rsquo;y a pas de sympt\u00f4mes ni de signes avant-coureurs. Il arrive assez souvent que les femmes trouvent accidentellement une grosseur dans leur sein qui s&rsquo;av\u00e8re \u00eatre maligne. J&rsquo;ai rencontr\u00e9 une telle grosseur, et elle \u00e9tait \u00e9trangement diff\u00e9rente de ce qu&rsquo;un simple kyste ressent g\u00e9n\u00e9ralement. C&rsquo;\u00e9tait dur et ne bougeait pas lorsqu&rsquo;on le poussait. Il m&rsquo;a fallu 10 minutes de navigation sur Internet pour savoir que j&rsquo;avais une raison d&rsquo;avoir peur. C&rsquo;est pr\u00e9cis\u00e9ment ainsi que les sources que j&rsquo;avais consult\u00e9es d\u00e9crivaient les sympt\u00f4mes du cancer du sein&nbsp;: \u00ab&nbsp;Une croissance canc\u00e9reuse suspecte est normalement beaucoup plus rigide que l&rsquo;arri\u00e8re-plan des tissus normaux.&nbsp;\u00bb     <\/p>\n<p>Je suis s\u00fbre que vous pouvez comprendre \u00e0 quel point j&rsquo;avais peur. Apr\u00e8s cela, j&rsquo;ai subi une mammographie, une \u00e9chographie, une IRM et une biopsie, qui n&rsquo;ont fait que confirmer que \u00ab&nbsp;oui, c&rsquo;est un cancer, malheureusement&nbsp;\u00bb. Mon traitement a commenc\u00e9, et il semblerait que j&rsquo;aurais d\u00fb avoir encore plus peur au d\u00e9but de ce long voyage&nbsp;; cependant, \u00e0 chaque \u00e9tape, je suis devenue plus calme et plus confiante. J&rsquo;ai trouv\u00e9 mon rem\u00e8de personnel contre la peur&nbsp;: la connaissance. Cela peut sembler surprenant, mais plus j&rsquo;en apprenais sur les d\u00e9tails de mon traitement, plus je comprenais qu&rsquo;il existe des options, et mon m\u00e9decin est en mesure de choisir ce qui me convient le mieux.    <\/p>\n<p>J&rsquo;ai eu un peu de chance de rencontrer d&rsquo;excellents m\u00e9decins. Ils ont toujours trouv\u00e9 le temps de partager leurs connaissances avec moi et de r\u00e9pondre \u00e0 mes nombreuses questions. J&rsquo;ai d\u00e9couvert qu&rsquo;il y a 50 ans \u2013 \u00e0 peu pr\u00e8s au moment o\u00f9 ma grand-m\u00e8re a suivi son traitement \u2013 l&rsquo;oncologie \u00e9tait une branche chirurgicale de la m\u00e9decine parce qu&rsquo;il n&rsquo;y avait presque pas de m\u00e9dicaments pour traiter le cancer. Les oncologues \u00e9taient form\u00e9s en tant que chirurgiens. C&rsquo;\u00e9tait la situation dans le monde entier dans les ann\u00e9es 1960 et 1970. De nos jours, l&rsquo;oncologie moderne emploie une approche multidisciplinaire o\u00f9 la chirurgie n&rsquo;est qu&rsquo;une des m\u00e9thodes de traitement offertes aux patients. Dans certains cas, aucune chirurgie n&rsquo;est n\u00e9cessaire, car soit les pilules, soit la radioth\u00e9rapie feront l&rsquo;affaire. Tout cela est devenu possible gr\u00e2ce \u00e0 la recherche.       <\/p>\n<p>\u00ab&nbsp;Vous savez qui sont les meilleurs amis d&rsquo;un oncologue&nbsp;?&nbsp;\u00bb m&rsquo;a demand\u00e9 un jour mon m\u00e9decin. \u2013 \u00ab&nbsp;Les chercheurs. Juste un exemple. Nous effectuons le test <a href=\"https:\/\/www.webmd.com\/breast-cancer\/oncotype-dx-test-breast-cancer#1\">Oncotype DX<\/a> pour les patientes atteintes d&rsquo;un cancer du sein. Ce test permet d&rsquo;\u00e9valuer le risque de r\u00e9cidive chez les patientes et nous aide \u00e0 choisir le traitement appropri\u00e9. Il n&rsquo;\u00e9tait pas disponible il y a seulement 20 ans, mais maintenant nous l&rsquo;utilisons couramment. Et plus les m\u00e9dicaments que nous, les m\u00e9decins, sommes en mesure d&rsquo;utiliser sont polyvalents, plus nos patients vivent longtemps. Et tout cela gr\u00e2ce aux grandes avanc\u00e9es de la recherche.&nbsp;\u00bb       <\/p>\n<p><img decoding=\"async\" class=\"alignleft wp-image-3528 \" src=\"https:\/\/breastcancer.ca\/wp-content\/uploads\/2025\/05\/6-300x150.jpg\" alt=\"Natalia mukhina, mon histoire de cancer\" width=\"298\" height=\"149\">Quand on me demande \u00e0 quel point le cancer a chang\u00e9 ma vie, je r\u00e9ponds&nbsp;: \u00ab&nbsp;Beaucoup. De mani\u00e8re significative&nbsp;\u00bb. Apr\u00e8s avoir termin\u00e9 mon traitement, je suis devenue une d\u00e9fenseure de la recherche sur le cancer, avec un accent particulier sur le cancer du sein. Depuis lors, j&rsquo;ai \u00e9crit de nombreux articles de nouvelles et de blogue sur les r\u00e9alisations de la recherche sur le cancer. Ce que j&rsquo;aime le plus dans tout cela, c&rsquo;est d&rsquo;avoir l&rsquo;occasion de rencontrer des chercheurs et de les interviewer. Je peux obtenir toutes les informations dont j&rsquo;ai besoin directement aupr\u00e8s d&rsquo;eux, et je peux suivre en temps r\u00e9el ce qui se passe dans ce domaine. Et des choses importantes se produisent&nbsp;! Au cours des dix derni\u00e8res ann\u00e9es seulement, environ 100 nouveaux protocoles de traitement sont devenus disponibles pour les patientes atteintes d&rsquo;un cancer du sein. Gr\u00e2ce \u00e0 la recherche, le traitement devient plus cibl\u00e9 et personnalis\u00e9, de sorte que davantage de patients peuvent b\u00e9n\u00e9ficier de ces protocoles actuels.       <\/p>\n<p>Il n&rsquo;est pas \u00e9tonnant que mon int\u00e9r\u00eat pour la recherche m&rsquo;ait finalement men\u00e9e au <a href=\"https:\/\/www.uhn.ca\/PrincessMargaret\">Princess Margaret Cancer Research Centre<\/a> \u00e0 Toronto, o\u00f9 je travaille actuellement, fournissant aux chercheurs un soutien administratif. Il est vrai que la bataille contre le cancer n&rsquo;est pas encore gagn\u00e9e. Le cancer est un animal intelligent et dangereux qui a de nombreux visages, et davantage de recherches sont n\u00e9cessaires pour l&rsquo;\u00e9radiquer. Heureusement, plus nous faisons de recherches, mieux nous comprenons le cancer. Et plus cette compr\u00e9hension est approfondie, mieux les praticiens peuvent pr\u00e9venir, d\u00e9tecter et traiter le cancer. Je le sais de premi\u00e8re main, car je vois chaque jour comment les chercheurs travaillent et les r\u00e9sultats qu&rsquo;ils obtiennent.     <\/p>\n<p>Je me souviendrai toujours d&rsquo;un discours d&rsquo;encouragement que mon m\u00e9decin m&rsquo;a fait il y a sept ans&nbsp;: \u00ab&nbsp;Vous \u00eates maintenant sans cancer. Soyez heureuse aujourd&rsquo;hui et partagez-le avec vos proches. Ne remettez pas votre vie \u00e0 demain ou \u00e0 l&rsquo;ann\u00e9e prochaine. Les gens devraient simplement perdre toute peur et c\u00e9l\u00e9brer la vie, car nous, les chercheurs et les m\u00e9decins, travaillons sur un rem\u00e8de contre le cancer, et nous trouverons quelque chose, je vous le promets.&nbsp;\u00bb<\/p>\n<p><strong>Il est incroyablement important de soutenir la recherche. <a href=\"https:\/\/bcsc.ca\/get-involved\/donate\/\">Faisons un don pour aider les chercheurs \u00e0 mettre fin au cancer du sein<\/a>. Dans cette bataille, chaque contribution compte car elle nous rapproche d&rsquo;un avenir sans cancer pour chaque patient.  <\/strong><\/p>\n<p>Natalia mukhina<br \/>\n<em>Est une journaliste de la sant\u00e9, une reporter et une d\u00e9fenseure de la recherche sur le cancer avec un accent particulier sur le cancer du sein.<\/em><\/p>\n<p><em><strong>Votre don \u00e0 la Soci\u00e9t\u00e9 canadienne du cancer du sein aidera \u00e0 financer la recherche sur le cancer du sein. <a href=\"https:\/\/bcsc.ca\/get-involved\/donate\/\" target=\"_blank\" rel=\"noopener\">Donnez aujourd&rsquo;hui<\/a>, aidez \u00e0 sauver des vies en soutenant la recherche vitale sur le cancer du sein parce que&#8230; La recherche compte. <\/strong><\/em><\/p>\n","protected":false},"excerpt":{"rendered":"<p>Je me souviens tr\u00e8s bien du sentiment que j&rsquo;ai eu lorsque j&rsquo;ai entendu mon diagnostic. C&rsquo;\u00e9tait il y a 7 ans, fin novembre 2011. Je me souviens avoir ressenti une peur paralysante si intense que j&rsquo;\u00e9tais incapable de bouger ou de respirer. Ma m\u00e8re et mes grands-parents sont d\u00e9c\u00e9d\u00e9s d&rsquo;un cancer, donc quelque part au [&hellip;]<\/p>\n","protected":false},"author":1,"featured_media":15390,"comment_status":"open","ping_status":"open","sticky":false,"template":"","format":"standard","meta":{"_acf_changed":false,"footnotes":""},"categories":[524,545],"tags":[530,550,549,551,552],"class_list":["post-15389","post","type-post","status-publish","format-standard","has-post-thumbnail","hentry","category-notre-impact","category-temoignages-de-reussite","tag-a-la-une","tag-la-recherche-compte","tag-mardi-je-donne","tag-mon-histoire-de-cancer","tag-natalia-mukhina"],"acf":[],"yoast_head":"<!-- This site is optimized with the Yoast SEO plugin v26.5 - https:\/\/yoast.com\/wordpress\/plugins\/seo\/ -->\n<title>Gr\u00e2ce \u00e0 la recherche, je peux partager mon histoire aujourd&#039;hui - Natalia mukhina - Breast Cancer Canada<\/title>\n<meta name=\"robots\" content=\"index, follow, max-snippet:-1, max-image-preview:large, max-video-preview:-1\" \/>\n<link rel=\"canonical\" href=\"https:\/\/breastcancer.ca\/fr\/grace-a-la-recherche-je-peux-partager-mon-histoire-aujourdhui-natalia-mukhina\/\" \/>\n<meta property=\"og:locale\" content=\"fr_FR\" \/>\n<meta property=\"og:type\" content=\"article\" \/>\n<meta property=\"og:title\" content=\"Gr\u00e2ce \u00e0 la recherche, je peux partager mon histoire aujourd&#039;hui - Natalia mukhina - Breast Cancer Canada\" \/>\n<meta property=\"og:description\" content=\"Je me souviens tr\u00e8s bien du sentiment que j&rsquo;ai eu lorsque j&rsquo;ai entendu mon diagnostic. C&rsquo;\u00e9tait il y a 7 ans, fin novembre 2011. Je me souviens avoir ressenti une peur paralysante si intense que j&rsquo;\u00e9tais incapable de bouger ou de respirer. Ma m\u00e8re et mes grands-parents sont d\u00e9c\u00e9d\u00e9s d&rsquo;un cancer, donc quelque part au [&hellip;]\" \/>\n<meta property=\"og:url\" content=\"https:\/\/breastcancer.ca\/fr\/grace-a-la-recherche-je-peux-partager-mon-histoire-aujourdhui-natalia-mukhina\/\" \/>\n<meta property=\"og:site_name\" content=\"Breast Cancer Canada\" \/>\n<meta property=\"article:published_time\" content=\"2018-11-26T23:33:02+00:00\" \/>\n<meta property=\"og:image\" content=\"https:\/\/breastcancer.ca\/wp-content\/uploads\/2025\/05\/Untitled-design-2.jpg\" \/>\n\t<meta property=\"og:image:width\" content=\"1024\" \/>\n\t<meta property=\"og:image:height\" content=\"512\" \/>\n\t<meta property=\"og:image:type\" content=\"image\/jpeg\" \/>\n<meta name=\"author\" content=\"adminbcc2025\" \/>\n<meta name=\"twitter:card\" content=\"summary_large_image\" \/>\n<meta name=\"twitter:label1\" content=\"\u00c9crit par\" \/>\n\t<meta name=\"twitter:data1\" content=\"adminbcc2025\" \/>\n\t<meta name=\"twitter:label2\" content=\"Dur\u00e9e de lecture estim\u00e9e\" \/>\n\t<meta name=\"twitter:data2\" content=\"6 minutes\" \/>\n<script type=\"application\/ld+json\" class=\"yoast-schema-graph\">{\"@context\":\"https:\/\/schema.org\",\"@graph\":[{\"@type\":\"Article\",\"@id\":\"https:\/\/breastcancer.ca\/fr\/grace-a-la-recherche-je-peux-partager-mon-histoire-aujourdhui-natalia-mukhina\/#article\",\"isPartOf\":{\"@id\":\"https:\/\/breastcancer.ca\/fr\/grace-a-la-recherche-je-peux-partager-mon-histoire-aujourdhui-natalia-mukhina\/\"},\"author\":{\"name\":\"adminbcc2025\",\"@id\":\"https:\/\/breastcancer.ca\/fr\/#\/schema\/person\/e97681d0e3cae3517c6f7f06e9f4c975\"},\"headline\":\"Gr\u00e2ce \u00e0 la recherche, je peux partager mon histoire aujourd&rsquo;hui &#8211; Natalia mukhina\",\"datePublished\":\"2018-11-26T23:33:02+00:00\",\"mainEntityOfPage\":{\"@id\":\"https:\/\/breastcancer.ca\/fr\/grace-a-la-recherche-je-peux-partager-mon-histoire-aujourdhui-natalia-mukhina\/\"},\"wordCount\":1203,\"commentCount\":0,\"publisher\":{\"@id\":\"https:\/\/breastcancer.ca\/fr\/#organization\"},\"image\":{\"@id\":\"https:\/\/breastcancer.ca\/fr\/grace-a-la-recherche-je-peux-partager-mon-histoire-aujourdhui-natalia-mukhina\/#primaryimage\"},\"thumbnailUrl\":\"https:\/\/breastcancer.ca\/wp-content\/uploads\/2025\/05\/Untitled-design-2.jpg\",\"keywords\":[\"\u00c0 la une\",\"La recherche compte\",\"Mardi je donne\",\"Mon histoire de cancer\",\"Natalia mukhina\"],\"articleSection\":[\"Notre impact\",\"T\u00e9moignages de r\u00e9ussite\"],\"inLanguage\":\"fr-FR\",\"potentialAction\":[{\"@type\":\"CommentAction\",\"name\":\"Comment\",\"target\":[\"https:\/\/breastcancer.ca\/fr\/grace-a-la-recherche-je-peux-partager-mon-histoire-aujourdhui-natalia-mukhina\/#respond\"]}]},{\"@type\":\"WebPage\",\"@id\":\"https:\/\/breastcancer.ca\/fr\/grace-a-la-recherche-je-peux-partager-mon-histoire-aujourdhui-natalia-mukhina\/\",\"url\":\"https:\/\/breastcancer.ca\/fr\/grace-a-la-recherche-je-peux-partager-mon-histoire-aujourdhui-natalia-mukhina\/\",\"name\":\"Gr\u00e2ce \u00e0 la recherche, je peux partager mon histoire aujourd'hui - Natalia mukhina - Breast Cancer Canada\",\"isPartOf\":{\"@id\":\"https:\/\/breastcancer.ca\/fr\/#website\"},\"primaryImageOfPage\":{\"@id\":\"https:\/\/breastcancer.ca\/fr\/grace-a-la-recherche-je-peux-partager-mon-histoire-aujourdhui-natalia-mukhina\/#primaryimage\"},\"image\":{\"@id\":\"https:\/\/breastcancer.ca\/fr\/grace-a-la-recherche-je-peux-partager-mon-histoire-aujourdhui-natalia-mukhina\/#primaryimage\"},\"thumbnailUrl\":\"https:\/\/breastcancer.ca\/wp-content\/uploads\/2025\/05\/Untitled-design-2.jpg\",\"datePublished\":\"2018-11-26T23:33:02+00:00\",\"breadcrumb\":{\"@id\":\"https:\/\/breastcancer.ca\/fr\/grace-a-la-recherche-je-peux-partager-mon-histoire-aujourdhui-natalia-mukhina\/#breadcrumb\"},\"inLanguage\":\"fr-FR\",\"potentialAction\":[{\"@type\":\"ReadAction\",\"target\":[\"https:\/\/breastcancer.ca\/fr\/grace-a-la-recherche-je-peux-partager-mon-histoire-aujourdhui-natalia-mukhina\/\"]}]},{\"@type\":\"ImageObject\",\"inLanguage\":\"fr-FR\",\"@id\":\"https:\/\/breastcancer.ca\/fr\/grace-a-la-recherche-je-peux-partager-mon-histoire-aujourdhui-natalia-mukhina\/#primaryimage\",\"url\":\"https:\/\/breastcancer.ca\/wp-content\/uploads\/2025\/05\/Untitled-design-2.jpg\",\"contentUrl\":\"https:\/\/breastcancer.ca\/wp-content\/uploads\/2025\/05\/Untitled-design-2.jpg\",\"width\":1024,\"height\":512,\"caption\":\"Natalia mukhina, mon histoire de cancer\"},{\"@type\":\"BreadcrumbList\",\"@id\":\"https:\/\/breastcancer.ca\/fr\/grace-a-la-recherche-je-peux-partager-mon-histoire-aujourdhui-natalia-mukhina\/#breadcrumb\",\"itemListElement\":[{\"@type\":\"ListItem\",\"position\":1,\"name\":\"Home\",\"item\":\"https:\/\/breastcancer.ca\/fr\/accueil\/\"},{\"@type\":\"ListItem\",\"position\":2,\"name\":\"Gr\u00e2ce \u00e0 la recherche, je peux partager mon histoire aujourd&rsquo;hui &#8211; Natalia mukhina\"}]},{\"@type\":\"WebSite\",\"@id\":\"https:\/\/breastcancer.ca\/fr\/#website\",\"url\":\"https:\/\/breastcancer.ca\/fr\/\",\"name\":\"Breast Cancer Canada\",\"description\":\"The more we know, the sooner we can end breast cancer.\",\"publisher\":{\"@id\":\"https:\/\/breastcancer.ca\/fr\/#organization\"},\"potentialAction\":[{\"@type\":\"SearchAction\",\"target\":{\"@type\":\"EntryPoint\",\"urlTemplate\":\"https:\/\/breastcancer.ca\/fr\/?s={search_term_string}\"},\"query-input\":{\"@type\":\"PropertyValueSpecification\",\"valueRequired\":true,\"valueName\":\"search_term_string\"}}],\"inLanguage\":\"fr-FR\"},{\"@type\":\"Organization\",\"@id\":\"https:\/\/breastcancer.ca\/fr\/#organization\",\"name\":\"Breast Cancer Canada\",\"url\":\"https:\/\/breastcancer.ca\/fr\/\",\"logo\":{\"@type\":\"ImageObject\",\"inLanguage\":\"fr-FR\",\"@id\":\"https:\/\/breastcancer.ca\/fr\/#\/schema\/logo\/image\/\",\"url\":\"https:\/\/breastcancer.ca\/wp-content\/uploads\/2025\/04\/BCC_Logo_endscreen.png\",\"contentUrl\":\"https:\/\/breastcancer.ca\/wp-content\/uploads\/2025\/04\/BCC_Logo_endscreen.png\",\"width\":1456,\"height\":260,\"caption\":\"Breast Cancer Canada\"},\"image\":{\"@id\":\"https:\/\/breastcancer.ca\/fr\/#\/schema\/logo\/image\/\"}},{\"@type\":\"Person\",\"@id\":\"https:\/\/breastcancer.ca\/fr\/#\/schema\/person\/e97681d0e3cae3517c6f7f06e9f4c975\",\"name\":\"adminbcc2025\",\"image\":{\"@type\":\"ImageObject\",\"inLanguage\":\"fr-FR\",\"@id\":\"https:\/\/breastcancer.ca\/fr\/#\/schema\/person\/image\/\",\"url\":\"https:\/\/secure.gravatar.com\/avatar\/7705fd31e1fedd2e9802ca61a231914b36f11074c13c6ded0e8f8c3377af46b1?s=96&d=mm&r=g\",\"contentUrl\":\"https:\/\/secure.gravatar.com\/avatar\/7705fd31e1fedd2e9802ca61a231914b36f11074c13c6ded0e8f8c3377af46b1?s=96&d=mm&r=g\",\"caption\":\"adminbcc2025\"},\"sameAs\":[\"https:\/\/breastcancer.ca\"],\"url\":\"https:\/\/breastcancer.ca\/fr\/author\/adminbcc2025\/\"}]}<\/script>\n<!-- \/ Yoast SEO plugin. -->","yoast_head_json":{"title":"Gr\u00e2ce \u00e0 la recherche, je peux partager mon histoire aujourd'hui - Natalia mukhina - Breast Cancer Canada","robots":{"index":"index","follow":"follow","max-snippet":"max-snippet:-1","max-image-preview":"max-image-preview:large","max-video-preview":"max-video-preview:-1"},"canonical":"https:\/\/breastcancer.ca\/fr\/grace-a-la-recherche-je-peux-partager-mon-histoire-aujourdhui-natalia-mukhina\/","og_locale":"fr_FR","og_type":"article","og_title":"Gr\u00e2ce \u00e0 la recherche, je peux partager mon histoire aujourd'hui - Natalia mukhina - Breast Cancer Canada","og_description":"Je me souviens tr\u00e8s bien du sentiment que j&rsquo;ai eu lorsque j&rsquo;ai entendu mon diagnostic. C&rsquo;\u00e9tait il y a 7 ans, fin novembre 2011. Je me souviens avoir ressenti une peur paralysante si intense que j&rsquo;\u00e9tais incapable de bouger ou de respirer. Ma m\u00e8re et mes grands-parents sont d\u00e9c\u00e9d\u00e9s d&rsquo;un cancer, donc quelque part au [&hellip;]","og_url":"https:\/\/breastcancer.ca\/fr\/grace-a-la-recherche-je-peux-partager-mon-histoire-aujourdhui-natalia-mukhina\/","og_site_name":"Breast Cancer Canada","article_published_time":"2018-11-26T23:33:02+00:00","og_image":[{"width":1024,"height":512,"url":"https:\/\/breastcancer.ca\/wp-content\/uploads\/2025\/05\/Untitled-design-2.jpg","type":"image\/jpeg"}],"author":"adminbcc2025","twitter_card":"summary_large_image","twitter_misc":{"\u00c9crit par":"adminbcc2025","Dur\u00e9e de lecture estim\u00e9e":"6 minutes"},"schema":{"@context":"https:\/\/schema.org","@graph":[{"@type":"Article","@id":"https:\/\/breastcancer.ca\/fr\/grace-a-la-recherche-je-peux-partager-mon-histoire-aujourdhui-natalia-mukhina\/#article","isPartOf":{"@id":"https:\/\/breastcancer.ca\/fr\/grace-a-la-recherche-je-peux-partager-mon-histoire-aujourdhui-natalia-mukhina\/"},"author":{"name":"adminbcc2025","@id":"https:\/\/breastcancer.ca\/fr\/#\/schema\/person\/e97681d0e3cae3517c6f7f06e9f4c975"},"headline":"Gr\u00e2ce \u00e0 la recherche, je peux partager mon histoire aujourd&rsquo;hui &#8211; Natalia mukhina","datePublished":"2018-11-26T23:33:02+00:00","mainEntityOfPage":{"@id":"https:\/\/breastcancer.ca\/fr\/grace-a-la-recherche-je-peux-partager-mon-histoire-aujourdhui-natalia-mukhina\/"},"wordCount":1203,"commentCount":0,"publisher":{"@id":"https:\/\/breastcancer.ca\/fr\/#organization"},"image":{"@id":"https:\/\/breastcancer.ca\/fr\/grace-a-la-recherche-je-peux-partager-mon-histoire-aujourdhui-natalia-mukhina\/#primaryimage"},"thumbnailUrl":"https:\/\/breastcancer.ca\/wp-content\/uploads\/2025\/05\/Untitled-design-2.jpg","keywords":["\u00c0 la une","La recherche compte","Mardi je donne","Mon histoire de cancer","Natalia mukhina"],"articleSection":["Notre impact","T\u00e9moignages de r\u00e9ussite"],"inLanguage":"fr-FR","potentialAction":[{"@type":"CommentAction","name":"Comment","target":["https:\/\/breastcancer.ca\/fr\/grace-a-la-recherche-je-peux-partager-mon-histoire-aujourdhui-natalia-mukhina\/#respond"]}]},{"@type":"WebPage","@id":"https:\/\/breastcancer.ca\/fr\/grace-a-la-recherche-je-peux-partager-mon-histoire-aujourdhui-natalia-mukhina\/","url":"https:\/\/breastcancer.ca\/fr\/grace-a-la-recherche-je-peux-partager-mon-histoire-aujourdhui-natalia-mukhina\/","name":"Gr\u00e2ce \u00e0 la recherche, je peux partager mon histoire aujourd'hui - Natalia mukhina - Breast Cancer Canada","isPartOf":{"@id":"https:\/\/breastcancer.ca\/fr\/#website"},"primaryImageOfPage":{"@id":"https:\/\/breastcancer.ca\/fr\/grace-a-la-recherche-je-peux-partager-mon-histoire-aujourdhui-natalia-mukhina\/#primaryimage"},"image":{"@id":"https:\/\/breastcancer.ca\/fr\/grace-a-la-recherche-je-peux-partager-mon-histoire-aujourdhui-natalia-mukhina\/#primaryimage"},"thumbnailUrl":"https:\/\/breastcancer.ca\/wp-content\/uploads\/2025\/05\/Untitled-design-2.jpg","datePublished":"2018-11-26T23:33:02+00:00","breadcrumb":{"@id":"https:\/\/breastcancer.ca\/fr\/grace-a-la-recherche-je-peux-partager-mon-histoire-aujourdhui-natalia-mukhina\/#breadcrumb"},"inLanguage":"fr-FR","potentialAction":[{"@type":"ReadAction","target":["https:\/\/breastcancer.ca\/fr\/grace-a-la-recherche-je-peux-partager-mon-histoire-aujourdhui-natalia-mukhina\/"]}]},{"@type":"ImageObject","inLanguage":"fr-FR","@id":"https:\/\/breastcancer.ca\/fr\/grace-a-la-recherche-je-peux-partager-mon-histoire-aujourdhui-natalia-mukhina\/#primaryimage","url":"https:\/\/breastcancer.ca\/wp-content\/uploads\/2025\/05\/Untitled-design-2.jpg","contentUrl":"https:\/\/breastcancer.ca\/wp-content\/uploads\/2025\/05\/Untitled-design-2.jpg","width":1024,"height":512,"caption":"Natalia mukhina, mon histoire de cancer"},{"@type":"BreadcrumbList","@id":"https:\/\/breastcancer.ca\/fr\/grace-a-la-recherche-je-peux-partager-mon-histoire-aujourdhui-natalia-mukhina\/#breadcrumb","itemListElement":[{"@type":"ListItem","position":1,"name":"Home","item":"https:\/\/breastcancer.ca\/fr\/accueil\/"},{"@type":"ListItem","position":2,"name":"Gr\u00e2ce \u00e0 la recherche, je peux partager mon histoire aujourd&rsquo;hui &#8211; Natalia mukhina"}]},{"@type":"WebSite","@id":"https:\/\/breastcancer.ca\/fr\/#website","url":"https:\/\/breastcancer.ca\/fr\/","name":"Breast Cancer Canada","description":"The more we know, the sooner we can end breast cancer.","publisher":{"@id":"https:\/\/breastcancer.ca\/fr\/#organization"},"potentialAction":[{"@type":"SearchAction","target":{"@type":"EntryPoint","urlTemplate":"https:\/\/breastcancer.ca\/fr\/?s={search_term_string}"},"query-input":{"@type":"PropertyValueSpecification","valueRequired":true,"valueName":"search_term_string"}}],"inLanguage":"fr-FR"},{"@type":"Organization","@id":"https:\/\/breastcancer.ca\/fr\/#organization","name":"Breast Cancer Canada","url":"https:\/\/breastcancer.ca\/fr\/","logo":{"@type":"ImageObject","inLanguage":"fr-FR","@id":"https:\/\/breastcancer.ca\/fr\/#\/schema\/logo\/image\/","url":"https:\/\/breastcancer.ca\/wp-content\/uploads\/2025\/04\/BCC_Logo_endscreen.png","contentUrl":"https:\/\/breastcancer.ca\/wp-content\/uploads\/2025\/04\/BCC_Logo_endscreen.png","width":1456,"height":260,"caption":"Breast Cancer Canada"},"image":{"@id":"https:\/\/breastcancer.ca\/fr\/#\/schema\/logo\/image\/"}},{"@type":"Person","@id":"https:\/\/breastcancer.ca\/fr\/#\/schema\/person\/e97681d0e3cae3517c6f7f06e9f4c975","name":"adminbcc2025","image":{"@type":"ImageObject","inLanguage":"fr-FR","@id":"https:\/\/breastcancer.ca\/fr\/#\/schema\/person\/image\/","url":"https:\/\/secure.gravatar.com\/avatar\/7705fd31e1fedd2e9802ca61a231914b36f11074c13c6ded0e8f8c3377af46b1?s=96&d=mm&r=g","contentUrl":"https:\/\/secure.gravatar.com\/avatar\/7705fd31e1fedd2e9802ca61a231914b36f11074c13c6ded0e8f8c3377af46b1?s=96&d=mm&r=g","caption":"adminbcc2025"},"sameAs":["https:\/\/breastcancer.ca"],"url":"https:\/\/breastcancer.ca\/fr\/author\/adminbcc2025\/"}]}},"_links":{"self":[{"href":"https:\/\/breastcancer.ca\/fr\/wp-json\/wp\/v2\/posts\/15389","targetHints":{"allow":["GET"]}}],"collection":[{"href":"https:\/\/breastcancer.ca\/fr\/wp-json\/wp\/v2\/posts"}],"about":[{"href":"https:\/\/breastcancer.ca\/fr\/wp-json\/wp\/v2\/types\/post"}],"author":[{"embeddable":true,"href":"https:\/\/breastcancer.ca\/fr\/wp-json\/wp\/v2\/users\/1"}],"replies":[{"embeddable":true,"href":"https:\/\/breastcancer.ca\/fr\/wp-json\/wp\/v2\/comments?post=15389"}],"version-history":[{"count":0,"href":"https:\/\/breastcancer.ca\/fr\/wp-json\/wp\/v2\/posts\/15389\/revisions"}],"wp:featuredmedia":[{"embeddable":true,"href":"https:\/\/breastcancer.ca\/fr\/wp-json\/wp\/v2\/media\/15390"}],"wp:attachment":[{"href":"https:\/\/breastcancer.ca\/fr\/wp-json\/wp\/v2\/media?parent=15389"}],"wp:term":[{"taxonomy":"category","embeddable":true,"href":"https:\/\/breastcancer.ca\/fr\/wp-json\/wp\/v2\/categories?post=15389"},{"taxonomy":"post_tag","embeddable":true,"href":"https:\/\/breastcancer.ca\/fr\/wp-json\/wp\/v2\/tags?post=15389"}],"curies":[{"name":"wp","href":"https:\/\/api.w.org\/{rel}","templated":true}]}}